{"id":37274,"date":"2020-04-28T11:53:23","date_gmt":"2020-04-28T03:53:23","guid":{"rendered":"http:\/\/www.bciasia.com\/?p=37274"},"modified":"2020-04-28T11:53:23","modified_gmt":"2020-04-28T03:53:23","slug":"24-26-september-2020-international-environmental-crisis-management-forum-and-exhibition-2020","status":"publish","type":"post","link":"https:\/\/www.bcicentral.com\/vi\/24-26-september-2020-international-environmental-crisis-management-forum-and-exhibition-2020\/","title":{"rendered":"Ng\u00e0y 24-26 th\u00e1ng 9 n\u0103m 2020: Tri\u1ec3n l\u00e3m v\u00e0 Di\u1ec5n \u0111\u00e0n Qu\u1ea3n l\u00fd Kh\u1ee7ng ho\u1ea3ng M\u00f4i tr\u01b0\u1eddng Qu\u1ed1c t\u1ebf 2020"},"content":{"rendered":"<p><strong>DI\u1ec4N \u0110\u00c0N V\u00c0 TRI\u1ec2N L\u00c3M V\u1ec0 QU\u1ea2N L\u00dd KH\u1ee6NG HO\u1ea2NG M\u00d4I TR\u01af\u1edcNG QU\u1ed0C T\u1ebe<\/strong> s\u1ebd \u0111\u01b0\u1ee3c t\u1ed5 ch\u1ee9c t\u1eeb ng\u00e0y 24-26 th\u00e1ng 9 n\u0103m 2020 t\u1ea1i Trung t\u00e2m Tri\u1ec3n l\u00e3m &amp; H\u1ed9i ngh\u1ecb The Venetian Macao. V\u1edbi ch\u1ee7 \u0111\u1ec1 \u201cChung tay qu\u1ea3n tr\u1ecb h\u1ee3p t\u00e1c ch\u1ed1ng l\u1ea1i thi\u00ean tai v\u00e0 d\u1ecbch b\u1ec7nh\u201d, c\u00e1c nh\u00e0 l\u00e3nh \u0111\u1ea1o c\u00f3 th\u1ea9m quy\u1ec1n \u0111\u01b0\u1ee3c m\u1eddi chia s\u1ebb quan \u0111i\u1ec3m s\u00e2u s\u1eafc c\u1ee7a h\u1ecd v\u1ec1 ph\u00f2ng ng\u1eeba v\u00e0 ki\u1ec3m so\u00e1t t\u1ea1i di\u1ec5n \u0111\u00e0n trong khi t\u1ea5t c\u1ea3 c\u00e1c nh\u00e0 cung c\u1ea5p v\u00e0 nh\u00e0 cung c\u1ea5p trong ng\u00e0nh s\u1ebd \u0111\u01b0\u1ee3c t\u1eadp h\u1ee3p \u0111\u1ec3 h\u1ee3p t\u00e1c v\u00e0 d\u1ef1 \u00e1n trong t\u01b0\u01a1ng lai.<\/p>\n<p>B\u1ea5t k\u1ef3 cu\u1ed9c kh\u1ee7ng ho\u1ea3ng m\u00f4i tr\u01b0\u1eddng n\u00e0o c\u00f3 th\u1ec3 x\u1ea3y ra \u0111\u1ec1u s\u1ebd mang l\u1ea1i t\u00e1c \u0111\u1ed9ng ti\u00eau c\u1ef1c cho c\u00e1c n\u1ec1n kinh t\u1ebf. \u0110\u1ec3 chu\u1ea9n b\u1ecb cho vi\u1ec7c \u1ee9ng ph\u00f3 v\u00e0 qu\u1ea3n l\u00fd kh\u1ee7ng ho\u1ea3ng, c\u00e1c ch\u00ednh ph\u1ee7 v\u00e0 doanh nghi\u1ec7p c\u1ea7n n\u00e2ng c\u1ea5p c\u01a1 s\u1edf v\u1eadt ch\u1ea5t v\u00e0 c\u00f4ng ngh\u1ec7.<\/p>\n<p>S\u1ef1 ki\u1ec7n s\u1ebd quy t\u1ee5 c\u00e1c nh\u00e0 ra quy\u1ebft \u0111\u1ecbnh &amp; \u0111\u1ea1i di\u1ec7n c\u1ea5p cao t\u1eeb c\u00e1c c\u01a1 quan ch\u00ednh ph\u1ee7, hi\u1ec7p h\u1ed9i, s\u00f2ng b\u1ea1c, kh\u00e1ch s\u1ea1n v\u00e0 khu ngh\u1ec9 d\u01b0\u1ee1ng, nh\u00e0 ph\u00e2n ph\u1ed1i \/ nh\u00e0 b\u00e1n bu\u00f4n, v.v. C\u00e1c c\u00f4ng ty tham gia v\u00e0o qu\u1ea3n l\u00fd kh\u1ee7ng ho\u1ea3ng &amp; \u0111\u00e1m \u0111\u00f4ng, an ninh v\u00e0 gi\u00e1m s\u00e1t, d\u1eef li\u1ec7u l\u1edbn &amp; CNTT, ng\u01b0\u1eddi m\u00e1y, y t\u1ebf \/ v\u1ec7 sinh &amp; v\u1ec7 sinh, t\u01b0 v\u1ea5n &amp; \u0111\u00e0o t\u1ea1o, v.v. \u0111\u01b0\u1ee3c tr\u00e2n tr\u1ecdng m\u1eddi gi\u1edbi thi\u1ec7u c\u00e1c c\u00f4ng ngh\u1ec7 &amp; s\u1ea3n ph\u1ea9m s\u00e1ng t\u1ea1o c\u1ee7a h\u1ecd t\u1ea1i s\u1ef1 ki\u1ec7n.<\/p>\n<p>Vui l\u00f2ng li\u00ean l\u1ea1c \u0111\u1ec3 bi\u1ebft th\u00eam th\u00f4ng tin:<br \/>\n\u0110i\u1ec7n tho\u1ea1i: +852 2827 6766<br \/>\nFax: +852 2827 6870<br \/>\nE-mail: <a href=\"mailto:general@coastal.com.hk\">general@coastal.com.hk<\/a><\/p>","protected":false},"excerpt":{"rendered":"<p><strong>DI\u1ec4N \u0110\u00c0N V\u00c0 TRI\u1ec2N L\u00c3M V\u1ec0 QU\u1ea2N L\u00dd KH\u1ee6NG HO\u1ea2NG M\u00d4I TR\u01af\u1edcNG QU\u1ed0C T\u1ebe<\/strong> s\u1ebd \u0111\u01b0\u1ee3c t\u1ed5 ch\u1ee9c t\u1eeb ng\u00e0y 24-26 th\u00e1ng 9 n\u0103m 2020 t\u1ea1i Trung t\u00e2m Tri\u1ec3n l\u00e3m &amp; H\u1ed9i ngh\u1ecb The Venetian Macao. Ch\u1ee7 \u0111\u1ec1 v\u1ec1 \u201cChung tay qu\u1ea3n tr\u1ecb h\u1ee3p t\u00e1c ch\u1ed1ng l\u1ea1i thi\u00ean tai v\u00e0 d\u1ecbch b\u1ec7nh\u201d,<\/p>","protected":false},"author":9927,"featured_media":0,"comment_status":"closed","ping_status":"closed","sticky":false,"template":"","format":"standard","meta":{"_acf_changed":false,"content-type":"","footnotes":""},"categories":[4],"tags":[],"class_list":["post-37274","post","type-post","status-publish","format-standard","hentry","category-blog","no-post-thumbnail"],"acf":[],"yoast_head":"<!-- This site is optimized with the Yoast SEO plugin v27.4 - https:\/\/yoast.com\/product\/yoast-seo-wordpress\/ -->\n<title>24-26 September 2020: International Environmental Crisis Management Forum and Exhibition 2020 | LeadManager (formerly BCI Central)<\/title>\n<meta name=\"robots\" content=\"index, follow, max-snippet:-1, max-image-preview:large, max-video-preview:-1\" \/>\n<link rel=\"canonical\" href=\"https:\/\/www.bcicentral.com\/vi\/24-26-september-2020-international-environmental-crisis-management-forum-and-exhibition-2020\/\" \/>\n<meta property=\"og:locale\" content=\"vi_VN\" \/>\n<meta property=\"og:type\" content=\"article\" \/>\n<meta property=\"og:title\" content=\"24-26 September 2020: International Environmental Crisis Management Forum and Exhibition 2020 | LeadManager (formerly BCI Central)\" \/>\n<meta property=\"og:description\" content=\"INTERNATIONAL ENVIRONMENTAL CRISIS MANAGEMENT FORUM AND EXHIBITION is going to be held during September 24-26, 2020 at The Venetian Macao Convention &amp; Exhibition Center.\u00a0 Themed on \u201cJoin Hands in Collaborative Governance against Disaster and Disease\u201d,\" \/>\n<meta property=\"og:url\" content=\"https:\/\/www.bcicentral.com\/vi\/24-26-september-2020-international-environmental-crisis-management-forum-and-exhibition-2020\/\" \/>\n<meta property=\"og:site_name\" content=\"LeadManager (formerly BCI Central)\" \/>\n<meta property=\"article:publisher\" content=\"https:\/\/www.facebook.com\/bcicentral.group\" \/>\n<meta property=\"article:published_time\" content=\"2020-04-28T03:53:23+00:00\" \/>\n<meta property=\"og:image\" content=\"https:\/\/www.bcicentral.com\/wp-content\/uploads\/2024\/11\/cropped-Interim-Brandmark-BCI-Central-small-RGB.png\" \/>\n\t<meta property=\"og:image:width\" content=\"512\" \/>\n\t<meta property=\"og:image:height\" content=\"512\" \/>\n\t<meta property=\"og:image:type\" content=\"image\/png\" \/>\n<meta name=\"author\" content=\"raka mahesa\" \/>\n<meta name=\"twitter:card\" content=\"summary_large_image\" \/>\n<meta name=\"twitter:creator\" content=\"@BCICentralAU\" \/>\n<meta name=\"twitter:site\" content=\"@BCICentralAU\" \/>\n<meta name=\"twitter:label1\" content=\"\u0110\u01b0\u1ee3c vi\u1ebft b\u1edfi\" \/>\n\t<meta name=\"twitter:data1\" content=\"raka mahesa\" \/>\n\t<meta name=\"twitter:label2\" content=\"\u01af\u1edbc t\u00ednh th\u1eddi gian \u0111\u1ecdc\" \/>\n\t<meta name=\"twitter:data2\" content=\"1 ph\u00fat\" \/>\n<script type=\"application\/ld+json\" class=\"yoast-schema-graph\">{\"@context\":\"https:\\\/\\\/schema.org\",\"@graph\":[{\"@type\":\"Article\",\"@id\":\"https:\\\/\\\/www.bcicentral.com\\\/id\\\/24-26-september-2020-international-environmental-crisis-management-forum-and-exhibition-2020\\\/#article\",\"isPartOf\":{\"@id\":\"https:\\\/\\\/www.bcicentral.com\\\/id\\\/24-26-september-2020-international-environmental-crisis-management-forum-and-exhibition-2020\\\/\"},\"author\":{\"name\":\"raka mahesa\",\"@id\":\"https:\\\/\\\/www.bcicentral.com\\\/#\\\/schema\\\/person\\\/af7ac096326d6eb2f9e7788ecbfe8574\"},\"headline\":\"24-26 September 2020: International Environmental Crisis Management Forum and Exhibition 2020\",\"datePublished\":\"2020-04-28T03:53:23+00:00\",\"mainEntityOfPage\":{\"@id\":\"https:\\\/\\\/www.bcicentral.com\\\/id\\\/24-26-september-2020-international-environmental-crisis-management-forum-and-exhibition-2020\\\/\"},\"wordCount\":174,\"publisher\":{\"@id\":\"https:\\\/\\\/www.bcicentral.com\\\/#organization\"},\"articleSection\":[\"Blog\"],\"inLanguage\":\"vi\"},{\"@type\":\"WebPage\",\"@id\":\"https:\\\/\\\/www.bcicentral.com\\\/id\\\/24-26-september-2020-international-environmental-crisis-management-forum-and-exhibition-2020\\\/\",\"url\":\"https:\\\/\\\/www.bcicentral.com\\\/id\\\/24-26-september-2020-international-environmental-crisis-management-forum-and-exhibition-2020\\\/\",\"name\":\"24-26 September 2020: International Environmental Crisis Management Forum and Exhibition 2020 | LeadManager (formerly BCI Central)\",\"isPartOf\":{\"@id\":\"https:\\\/\\\/www.bcicentral.com\\\/#website\"},\"datePublished\":\"2020-04-28T03:53:23+00:00\",\"breadcrumb\":{\"@id\":\"https:\\\/\\\/www.bcicentral.com\\\/id\\\/24-26-september-2020-international-environmental-crisis-management-forum-and-exhibition-2020\\\/#breadcrumb\"},\"inLanguage\":\"vi\",\"potentialAction\":[{\"@type\":\"ReadAction\",\"target\":[\"https:\\\/\\\/www.bcicentral.com\\\/id\\\/24-26-september-2020-international-environmental-crisis-management-forum-and-exhibition-2020\\\/\"]}]},{\"@type\":\"BreadcrumbList\",\"@id\":\"https:\\\/\\\/www.bcicentral.com\\\/id\\\/24-26-september-2020-international-environmental-crisis-management-forum-and-exhibition-2020\\\/#breadcrumb\",\"itemListElement\":[{\"@type\":\"ListItem\",\"position\":1,\"name\":\"Home\",\"item\":\"https:\\\/\\\/www.bcicentral.com\\\/\"},{\"@type\":\"ListItem\",\"position\":2,\"name\":\"24-26 September 2020: International Environmental Crisis Management Forum and Exhibition 2020\"}]},{\"@type\":\"WebSite\",\"@id\":\"https:\\\/\\\/www.bcicentral.com\\\/#website\",\"url\":\"https:\\\/\\\/www.bcicentral.com\\\/\",\"name\":\"LeadManager - A Hubexo Product\",\"description\":\"Enabling sales success with construction data &amp; software solutions.\",\"publisher\":{\"@id\":\"https:\\\/\\\/www.bcicentral.com\\\/#organization\"},\"alternateName\":\"LeadManager\",\"potentialAction\":[{\"@type\":\"SearchAction\",\"target\":{\"@type\":\"EntryPoint\",\"urlTemplate\":\"https:\\\/\\\/www.bcicentral.com\\\/?s={search_term_string}\"},\"query-input\":{\"@type\":\"PropertyValueSpecification\",\"valueRequired\":true,\"valueName\":\"search_term_string\"}}],\"inLanguage\":\"vi\"},{\"@type\":\"Organization\",\"@id\":\"https:\\\/\\\/www.bcicentral.com\\\/#organization\",\"name\":\"LeadManager\",\"alternateName\":\"LeadManager\",\"url\":\"https:\\\/\\\/www.bcicentral.com\\\/\",\"logo\":{\"@type\":\"ImageObject\",\"inLanguage\":\"vi\",\"@id\":\"https:\\\/\\\/www.bcicentral.com\\\/#\\\/schema\\\/logo\\\/image\\\/\",\"url\":\"https:\\\/\\\/www.bcicentral.com\\\/wp-content\\\/uploads\\\/2024\\\/11\\\/cropped-Interim-Brandmark-BCI-Central-small-RGB.png\",\"contentUrl\":\"https:\\\/\\\/www.bcicentral.com\\\/wp-content\\\/uploads\\\/2024\\\/11\\\/cropped-Interim-Brandmark-BCI-Central-small-RGB.png\",\"width\":512,\"height\":512,\"caption\":\"LeadManager\"},\"image\":{\"@id\":\"https:\\\/\\\/www.bcicentral.com\\\/#\\\/schema\\\/logo\\\/image\\\/\"},\"sameAs\":[\"https:\\\/\\\/www.facebook.com\\\/bcicentral.group\",\"https:\\\/\\\/x.com\\\/BCICentralAU\",\"https:\\\/\\\/www.instagram.com\\\/bcicentral\\\/\",\"https:\\\/\\\/www.linkedin.com\\\/company\\\/bcicentral\\\/\"]},{\"@type\":\"Person\",\"@id\":\"https:\\\/\\\/www.bcicentral.com\\\/#\\\/schema\\\/person\\\/af7ac096326d6eb2f9e7788ecbfe8574\",\"name\":\"raka mahesa\",\"image\":{\"@type\":\"ImageObject\",\"inLanguage\":\"vi\",\"@id\":\"https:\\\/\\\/secure.gravatar.com\\\/avatar\\\/a04f2120ceeb9e983d7b56fc4cd146e6eded38d2e29d83b36da07e4b616dbe72?s=96&d=mm&r=g\",\"url\":\"https:\\\/\\\/secure.gravatar.com\\\/avatar\\\/a04f2120ceeb9e983d7b56fc4cd146e6eded38d2e29d83b36da07e4b616dbe72?s=96&d=mm&r=g\",\"contentUrl\":\"https:\\\/\\\/secure.gravatar.com\\\/avatar\\\/a04f2120ceeb9e983d7b56fc4cd146e6eded38d2e29d83b36da07e4b616dbe72?s=96&d=mm&r=g\",\"caption\":\"raka mahesa\"}}]}<\/script>\n<!-- \/ Yoast SEO plugin. -->","yoast_head_json":{"title":"24-26 September 2020: International Environmental Crisis Management Forum and Exhibition 2020 | LeadManager (formerly BCI Central)","robots":{"index":"index","follow":"follow","max-snippet":"max-snippet:-1","max-image-preview":"max-image-preview:large","max-video-preview":"max-video-preview:-1"},"canonical":"https:\/\/www.bcicentral.com\/vi\/24-26-september-2020-international-environmental-crisis-management-forum-and-exhibition-2020\/","og_locale":"vi_VN","og_type":"article","og_title":"24-26 September 2020: International Environmental Crisis Management Forum and Exhibition 2020 | LeadManager (formerly BCI Central)","og_description":"INTERNATIONAL ENVIRONMENTAL CRISIS MANAGEMENT FORUM AND EXHIBITION is going to be held during September 24-26, 2020 at The Venetian Macao Convention &amp; Exhibition Center.\u00a0 Themed on \u201cJoin Hands in Collaborative Governance against Disaster and Disease\u201d,","og_url":"https:\/\/www.bcicentral.com\/vi\/24-26-september-2020-international-environmental-crisis-management-forum-and-exhibition-2020\/","og_site_name":"LeadManager (formerly BCI Central)","article_publisher":"https:\/\/www.facebook.com\/bcicentral.group","article_published_time":"2020-04-28T03:53:23+00:00","og_image":[{"width":512,"height":512,"url":"https:\/\/www.bcicentral.com\/wp-content\/uploads\/2024\/11\/cropped-Interim-Brandmark-BCI-Central-small-RGB.png","type":"image\/png"}],"author":"raka mahesa","twitter_card":"summary_large_image","twitter_creator":"@BCICentralAU","twitter_site":"@BCICentralAU","twitter_misc":{"\u0110\u01b0\u1ee3c vi\u1ebft b\u1edfi":"raka mahesa","\u01af\u1edbc t\u00ednh th\u1eddi gian \u0111\u1ecdc":"1 ph\u00fat"},"schema":{"@context":"https:\/\/schema.org","@graph":[{"@type":"Article","@id":"https:\/\/www.bcicentral.com\/id\/24-26-september-2020-international-environmental-crisis-management-forum-and-exhibition-2020\/#article","isPartOf":{"@id":"https:\/\/www.bcicentral.com\/id\/24-26-september-2020-international-environmental-crisis-management-forum-and-exhibition-2020\/"},"author":{"name":"raka mahesa","@id":"https:\/\/www.bcicentral.com\/#\/schema\/person\/af7ac096326d6eb2f9e7788ecbfe8574"},"headline":"24-26 September 2020: International Environmental Crisis Management Forum and Exhibition 2020","datePublished":"2020-04-28T03:53:23+00:00","mainEntityOfPage":{"@id":"https:\/\/www.bcicentral.com\/id\/24-26-september-2020-international-environmental-crisis-management-forum-and-exhibition-2020\/"},"wordCount":174,"publisher":{"@id":"https:\/\/www.bcicentral.com\/#organization"},"articleSection":["Blog"],"inLanguage":"vi"},{"@type":"WebPage","@id":"https:\/\/www.bcicentral.com\/id\/24-26-september-2020-international-environmental-crisis-management-forum-and-exhibition-2020\/","url":"https:\/\/www.bcicentral.com\/id\/24-26-september-2020-international-environmental-crisis-management-forum-and-exhibition-2020\/","name":"24-26 September 2020: International Environmental Crisis Management Forum and Exhibition 2020 | LeadManager (formerly BCI Central)","isPartOf":{"@id":"https:\/\/www.bcicentral.com\/#website"},"datePublished":"2020-04-28T03:53:23+00:00","breadcrumb":{"@id":"https:\/\/www.bcicentral.com\/id\/24-26-september-2020-international-environmental-crisis-management-forum-and-exhibition-2020\/#breadcrumb"},"inLanguage":"vi","potentialAction":[{"@type":"ReadAction","target":["https:\/\/www.bcicentral.com\/id\/24-26-september-2020-international-environmental-crisis-management-forum-and-exhibition-2020\/"]}]},{"@type":"BreadcrumbList","@id":"https:\/\/www.bcicentral.com\/id\/24-26-september-2020-international-environmental-crisis-management-forum-and-exhibition-2020\/#breadcrumb","itemListElement":[{"@type":"ListItem","position":1,"name":"Home","item":"https:\/\/www.bcicentral.com\/"},{"@type":"ListItem","position":2,"name":"24-26 September 2020: International Environmental Crisis Management Forum and Exhibition 2020"}]},{"@type":"WebSite","@id":"https:\/\/www.bcicentral.com\/#website","url":"https:\/\/www.bcicentral.com\/","name":"LeadManager - A Hubexo Product","description":"T\u0103ng c\u01b0\u1eddng b\u00e1n h\u00e0ng th\u00e0nh c\u00f4ng v\u1edbi c\u00e1c gi\u1ea3i ph\u00e1p ph\u1ea7n m\u1ec1m &amp; d\u1eef li\u1ec7u x\u00e2y d\u1ef1ng.","publisher":{"@id":"https:\/\/www.bcicentral.com\/#organization"},"alternateName":"LeadManager","potentialAction":[{"@type":"SearchAction","target":{"@type":"EntryPoint","urlTemplate":"https:\/\/www.bcicentral.com\/?s={search_term_string}"},"query-input":{"@type":"PropertyValueSpecification","valueRequired":true,"valueName":"search_term_string"}}],"inLanguage":"vi"},{"@type":"Organization","@id":"https:\/\/www.bcicentral.com\/#organization","name":"LeadManager","alternateName":"LeadManager","url":"https:\/\/www.bcicentral.com\/","logo":{"@type":"ImageObject","inLanguage":"vi","@id":"https:\/\/www.bcicentral.com\/#\/schema\/logo\/image\/","url":"https:\/\/www.bcicentral.com\/wp-content\/uploads\/2024\/11\/cropped-Interim-Brandmark-BCI-Central-small-RGB.png","contentUrl":"https:\/\/www.bcicentral.com\/wp-content\/uploads\/2024\/11\/cropped-Interim-Brandmark-BCI-Central-small-RGB.png","width":512,"height":512,"caption":"LeadManager"},"image":{"@id":"https:\/\/www.bcicentral.com\/#\/schema\/logo\/image\/"},"sameAs":["https:\/\/www.facebook.com\/bcicentral.group","https:\/\/x.com\/BCICentralAU","https:\/\/www.instagram.com\/bcicentral\/","https:\/\/www.linkedin.com\/company\/bcicentral\/"]},{"@type":"Person","@id":"https:\/\/www.bcicentral.com\/#\/schema\/person\/af7ac096326d6eb2f9e7788ecbfe8574","name":"raka mahesa","image":{"@type":"ImageObject","inLanguage":"vi","@id":"https:\/\/secure.gravatar.com\/avatar\/a04f2120ceeb9e983d7b56fc4cd146e6eded38d2e29d83b36da07e4b616dbe72?s=96&d=mm&r=g","url":"https:\/\/secure.gravatar.com\/avatar\/a04f2120ceeb9e983d7b56fc4cd146e6eded38d2e29d83b36da07e4b616dbe72?s=96&d=mm&r=g","contentUrl":"https:\/\/secure.gravatar.com\/avatar\/a04f2120ceeb9e983d7b56fc4cd146e6eded38d2e29d83b36da07e4b616dbe72?s=96&d=mm&r=g","caption":"raka mahesa"}}]}},"_links":{"self":[{"href":"https:\/\/www.bcicentral.com\/vi\/wp-json\/wp\/v2\/posts\/37274","targetHints":{"allow":["GET"]}}],"collection":[{"href":"https:\/\/www.bcicentral.com\/vi\/wp-json\/wp\/v2\/posts"}],"about":[{"href":"https:\/\/www.bcicentral.com\/vi\/wp-json\/wp\/v2\/types\/post"}],"author":[{"embeddable":true,"href":"https:\/\/www.bcicentral.com\/vi\/wp-json\/wp\/v2\/users\/9927"}],"replies":[{"embeddable":true,"href":"https:\/\/www.bcicentral.com\/vi\/wp-json\/wp\/v2\/comments?post=37274"}],"version-history":[{"count":0,"href":"https:\/\/www.bcicentral.com\/vi\/wp-json\/wp\/v2\/posts\/37274\/revisions"}],"wp:attachment":[{"href":"https:\/\/www.bcicentral.com\/vi\/wp-json\/wp\/v2\/media?parent=37274"}],"wp:term":[{"taxonomy":"category","embeddable":true,"href":"https:\/\/www.bcicentral.com\/vi\/wp-json\/wp\/v2\/categories?post=37274"},{"taxonomy":"post_tag","embeddable":true,"href":"https:\/\/www.bcicentral.com\/vi\/wp-json\/wp\/v2\/tags?post=37274"}],"curies":[{"name":"wp","href":"https:\/\/api.w.org\/{rel}","templated":true}]}}